{"id":83569,"date":"2020-04-29T15:48:47","date_gmt":"2020-04-29T11:48:47","guid":{"rendered":"https:\/\/aviav.org\/de-am-flughafen-von-buchara-in-betrieb-genommen-das-neue-terminal\/"},"modified":"2020-04-29T15:48:47","modified_gmt":"2020-04-29T11:48:47","slug":"de-am-flughafen-von-buchara-in-betrieb-genommen-das-neue-terminal","status":"publish","type":"post","link":"https:\/\/aviav.org\/de\/de-am-flughafen-von-buchara-in-betrieb-genommen-das-neue-terminal\/","title":{"rendered":"Am Flughafen von Buchara in Betrieb genommen das neue Terminal"},"content":{"rendered":"<p><img decoding=\"async\" src=\"\/wp-content\/uploads\/5163f546e008020ee35f8746917898c1.jpg\" \/><\/p>\n<p>Am Flughafen von Buchara (Usbekistan) in Betrieb genommen ein neues Passagierterminal, das zur Verf\u00fcgung stellt-Service f\u00fcr Passagiere und optimale Bedingungen f\u00fcr die Dienste des Flughafengeb\u00e4udes. Kapazit\u00e4t des Terminals betr\u00e4gt 400 Pass.\/H. Wie Sie in der Nachricht eine Presse-Dienstleistungen des Flughafens, die Inbetriebnahme des neuen Terminals erh\u00f6ht die Anzahl der empfangenen Fl\u00fcge und Passagiere, und wird der weiteren Entwicklung der Flughafen-und Verkehrsinfrastruktur der Republik im Allgemeinen. <\/p>\n<\/p>\n<p>Derzeit ist der Flughafen von Buchara nimmt alle Arten von Luftfahrzeugen. F\u00fcr die ersten neun Monate 2011 gedient hat etwa zwei tausend Flugzeug-Abfahrten, transportiert <!--more-->mehr als 74 tausend Pass., 19 Prozent der geplanten Kennzahl. <\/p>\n","protected":false},"excerpt":{"rendered":"<p>Am Flughafen von Buchara (Usbekistan) in Betrieb genommen ein neues Passagierterminal, das zur Verf\u00fcgung stellt-Service f\u00fcr Passagiere und optimale Bedingungen f\u00fcr die Dienste des Flughafengeb\u00e4udes. Kapazit\u00e4t des Terminals betr\u00e4gt 400 Pass.\/H. Wie Sie in der Nachricht eine Presse-Dienstleistungen des Flughafens, die Inbetriebnahme des neuen Terminals erh\u00f6ht die Anzahl der empfangenen Fl\u00fcge und Passagiere, und wird<\/p>\n<div class=\"readmore\"><a class=\"more_link\" href=\"https:\/\/aviav.org\/de\/de-am-flughafen-von-buchara-in-betrieb-genommen-das-neue-terminal\/\">Read more<\/a><\/div>\n","protected":false},"author":1,"featured_media":83570,"comment_status":"open","ping_status":"open","sticky":false,"template":"","format":"standard","meta":{"footnotes":""},"categories":[168],"tags":[],"class_list":["post-83569","post","type-post","status-publish","format-standard","has-post-thumbnail","hentry","category-de-informationen"],"translation":{"provider":"WPGlobus","version":"3.0.0","language":"de","enabled_languages":["ru","uz","uk","en","fr","de","it","tj"],"languages":{"ru":{"title":false,"content":false,"excerpt":false},"uz":{"title":false,"content":false,"excerpt":false},"uk":{"title":false,"content":false,"excerpt":false},"en":{"title":false,"content":false,"excerpt":false},"fr":{"title":false,"content":false,"excerpt":false},"de":{"title":true,"content":true,"excerpt":false},"it":{"title":false,"content":false,"excerpt":false},"tj":{"title":false,"content":false,"excerpt":false}}},"aioseo_notices":[],"_links":{"self":[{"href":"https:\/\/aviav.org\/de\/wp-json\/wp\/v2\/posts\/83569","targetHints":{"allow":["GET"]}}],"collection":[{"href":"https:\/\/aviav.org\/de\/wp-json\/wp\/v2\/posts"}],"about":[{"href":"https:\/\/aviav.org\/de\/wp-json\/wp\/v2\/types\/post"}],"author":[{"embeddable":true,"href":"https:\/\/aviav.org\/de\/wp-json\/wp\/v2\/users\/1"}],"replies":[{"embeddable":true,"href":"https:\/\/aviav.org\/de\/wp-json\/wp\/v2\/comments?post=83569"}],"version-history":[{"count":0,"href":"https:\/\/aviav.org\/de\/wp-json\/wp\/v2\/posts\/83569\/revisions"}],"wp:featuredmedia":[{"embeddable":true,"href":"https:\/\/aviav.org\/de\/wp-json\/wp\/v2\/media\/83570"}],"wp:attachment":[{"href":"https:\/\/aviav.org\/de\/wp-json\/wp\/v2\/media?parent=83569"}],"wp:term":[{"taxonomy":"category","embeddable":true,"href":"https:\/\/aviav.org\/de\/wp-json\/wp\/v2\/categories?post=83569"},{"taxonomy":"post_tag","embeddable":true,"href":"https:\/\/aviav.org\/de\/wp-json\/wp\/v2\/tags?post=83569"}],"curies":[{"name":"wp","href":"https:\/\/api.w.org\/{rel}","templated":true}]}}